{"id":857,"date":"2016-12-12T14:29:43","date_gmt":"2016-12-12T14:29:43","guid":{"rendered":"https:\/\/roma-bella.com\/es\/?p=857"},"modified":"2016-12-12T14:29:43","modified_gmt":"2016-12-12T14:29:43","slug":"las-plazas-de-la-roma-barroca","status":"publish","type":"post","link":"https:\/\/roma-bella.com\/es\/las-plazas-de-la-roma-barroca\/","title":{"rendered":"LAS PLAZAS DE LA ROMA BARROCA"},"content":{"rendered":"<p><strong> LOS CIMIENTOS\u00a0 HISTORICOS\u00a0 DE LAS PLAZAS EN ROMA <\/strong><\/p>\n<p>Las plazas en Roma se crean al interior de una ciudad que hab\u00eda sido una metr\u00f3poli del Mediterr\u00e1neo: un centro de dominio de tipo Imperial con una\u00a0\u00a0 riqueza urbana en t\u00e9rminos de espacios construidos que acog\u00edan la propia\u00a0 cultura.\u00a0 Esa cultura conten\u00eda en su interior una manera espacial de enfrentar la pol\u00edtica y la religi\u00f3n, el entretenimiento y el deporte. Los casi 12 siglo, de la Roma Antigua, desde el VIII a.C hasta el V d.C, dejaron una huella en la ciudad de Roma y en la cultura occidental, que se manifiestan en las plazas romanas. \u00a0Se expresan de diferentes maneras, ya que las huellas de esa ciudad antigua fueron canceladas por el abandono,\u00a0\u00a0 las inundaciones,\u00a0\u00a0 la destrucci\u00f3n humana, pero\u00a0 ello no significa que la ciudad destruy\u00f3 la memoria.\u00a0 Es decir, plazas se insertan en una ciudad que contiene en su interior una memoria, pol\u00edtica, religiosa y cultural, como asimismo formal, de varios siglos de existencia.<\/p>\n<p>Reconocer\u00a0esa memoria permite comprender no s\u00f3lo el origen social del espacio p\u00fablico en la historia, sino que tambi\u00e9n el objetivo y las razones de la creaci\u00f3n de los espacios de encuentro ciudadano en la ciudad de origen. \u00a0 \u00a0Roma contiene en su interior teatros, estadios, templos, puertas, acueductos, de ese per\u00edodo de grandeza, que est\u00e1n presentes en cada espacio p\u00fablico. En muchos casos\u00a0 la raz\u00f3n de existencia de cada plaza es el uso de ese patrimonio hist\u00f3rico para la ciudad presente: <strong><a href=\"https:\/\/roma-bella.com\/es\/tours\/excursion-dia\/\">Plaza del Pante\u00f3n<\/a>.\u00a0<\/strong><\/p>\n<p>El<strong> Pante\u00f3n,<\/strong>\u00a0 o \u00abtemplo de todos los Dioses\u00bb, pero en este caso, de los Dioses planetarios, fue construido por el Emperador Adriano, para exaltar la propia ascendencia divina. La salvaci\u00f3n de este templo pagano se debe a su\u00a0 \u00a0transformaci\u00f3n \u00a0en un lugar de culto cat\u00f3lico, hoy Iglesia de Santa Mar\u00eda de los Martires.<\/p>\n<p><a href=\"https:\/\/roma-bella.com\/wp-content\/uploads\/2016\/12\/img026.jpg\"><img loading=\"lazy\" decoding=\"async\" class=\"alignnone size-medium wp-image-858\" src=\"https:\/\/roma-bella.com\/wp-content\/uploads\/2016\/12\/img026-300x209.jpg\" alt=\"img026\" width=\"300\" height=\"209\" srcset=\"https:\/\/roma-bella.com\/wp-content\/uploads\/2016\/12\/img026-300x209.jpg 300w, https:\/\/roma-bella.com\/wp-content\/uploads\/2016\/12\/img026-768x535.jpg 768w, https:\/\/roma-bella.com\/wp-content\/uploads\/2016\/12\/img026-1024x713.jpg 1024w, https:\/\/roma-bella.com\/wp-content\/uploads\/2016\/12\/img026-1080x752.jpg 1080w, https:\/\/roma-bella.com\/wp-content\/uploads\/2016\/12\/img026.jpg 1583w\" sizes=\"(max-width: 300px) 100vw, 300px\" \/><\/a>\u00a0 \u00a0 \u00a0 \u00a0\u00a0<a href=\"https:\/\/roma-bella.com\/wp-content\/uploads\/2016\/12\/img028.jpg\"><img loading=\"lazy\" decoding=\"async\" class=\"alignnone size-medium wp-image-859\" src=\"https:\/\/roma-bella.com\/wp-content\/uploads\/2016\/12\/img028-201x300.jpg\" alt=\"img028\" width=\"201\" height=\"300\" srcset=\"https:\/\/roma-bella.com\/wp-content\/uploads\/2016\/12\/img028-201x300.jpg 201w, https:\/\/roma-bella.com\/wp-content\/uploads\/2016\/12\/img028-768x1146.jpg 768w, https:\/\/roma-bella.com\/wp-content\/uploads\/2016\/12\/img028-686x1024.jpg 686w, https:\/\/roma-bella.com\/wp-content\/uploads\/2016\/12\/img028.jpg 911w\" sizes=\"(max-width: 201px) 100vw, 201px\" \/><\/a>\u00a0La plaza en los a\u00f1os &#8217;70<\/p>\n<p><a href=\"https:\/\/roma-bella.com\/tours\/\"><strong>Plaza Navona,<\/strong> \u00a0<\/a>creada a partir de la existencia del Estadio \u00abagon\u00edstico\u00bb u ol\u00edmpico construido por el emperador Domiziano en el siglo I d.C. , es hoy una de las plazas mundanas m\u00e1s importantes de Roma.<\/p>\n<p><a href=\"https:\/\/roma-bella.com\/wp-content\/uploads\/2016\/12\/ESTDOMIZIA.jpg\"><img loading=\"lazy\" decoding=\"async\" class=\"alignnone size-medium wp-image-862\" src=\"https:\/\/roma-bella.com\/wp-content\/uploads\/2016\/12\/ESTDOMIZIA-300x130.jpg\" alt=\"estdomizia\" width=\"300\" height=\"130\" srcset=\"https:\/\/roma-bella.com\/wp-content\/uploads\/2016\/12\/ESTDOMIZIA-300x130.jpg 300w, https:\/\/roma-bella.com\/wp-content\/uploads\/2016\/12\/ESTDOMIZIA-768x332.jpg 768w, https:\/\/roma-bella.com\/wp-content\/uploads\/2016\/12\/ESTDOMIZIA-1024x443.jpg 1024w, https:\/\/roma-bella.com\/wp-content\/uploads\/2016\/12\/ESTDOMIZIA-1080x467.jpg 1080w, https:\/\/roma-bella.com\/wp-content\/uploads\/2016\/12\/ESTDOMIZIA.jpg 1474w\" sizes=\"(max-width: 300px) 100vw, 300px\" \/><\/a>\u00a0 \u00a0 \u00a0\u00a0<a href=\"https:\/\/roma-bella.com\/wp-content\/uploads\/2016\/09\/13.PIANTA-NOLLI-1748.jpg\"><img loading=\"lazy\" decoding=\"async\" class=\"alignnone size-medium wp-image-793\" src=\"https:\/\/roma-bella.com\/wp-content\/uploads\/2016\/09\/13.PIANTA-NOLLI-1748-300x282.jpg\" alt=\"13-pianta-nolli-1748\" width=\"300\" height=\"282\" srcset=\"https:\/\/roma-bella.com\/wp-content\/uploads\/2016\/09\/13.PIANTA-NOLLI-1748-300x282.jpg 300w, https:\/\/roma-bella.com\/wp-content\/uploads\/2016\/09\/13.PIANTA-NOLLI-1748-768x722.jpg 768w, https:\/\/roma-bella.com\/wp-content\/uploads\/2016\/09\/13.PIANTA-NOLLI-1748-1024x963.jpg 1024w, https:\/\/roma-bella.com\/wp-content\/uploads\/2016\/09\/13.PIANTA-NOLLI-1748-1080x1016.jpg 1080w, https:\/\/roma-bella.com\/wp-content\/uploads\/2016\/09\/13.PIANTA-NOLLI-1748.jpg 1434w\" sizes=\"(max-width: 300px) 100vw, 300px\" \/><\/a><\/p>\n<p><strong><a href=\"https:\/\/roma-bella.com\/rome-tours\/\">Plaza de Piedra,<\/a>\u00a0<\/strong>nace a partir de los restos del templo\u00a0construido por el Emperador Antonino Pio el a\u00f1o 145 d.C y dedicado a su predecesor, el Emperador Adriano.<\/p>\n<p><a href=\"https:\/\/roma-bella.com\/wp-content\/uploads\/2016\/12\/153.jpg\"><img loading=\"lazy\" decoding=\"async\" class=\"alignnone size-medium wp-image-864\" src=\"https:\/\/roma-bella.com\/wp-content\/uploads\/2016\/12\/153-300x225.jpg\" alt=\"153\" width=\"300\" height=\"225\" srcset=\"https:\/\/roma-bella.com\/wp-content\/uploads\/2016\/12\/153-300x225.jpg 300w, https:\/\/roma-bella.com\/wp-content\/uploads\/2016\/12\/153-768x576.jpg 768w, https:\/\/roma-bella.com\/wp-content\/uploads\/2016\/12\/153-1024x768.jpg 1024w, https:\/\/roma-bella.com\/wp-content\/uploads\/2016\/12\/153-510x382.jpg 510w, https:\/\/roma-bella.com\/wp-content\/uploads\/2016\/12\/153-1080x810.jpg 1080w\" sizes=\"(max-width: 300px) 100vw, 300px\" \/><\/a>\u00a0 \u00a0 \u00a0\u00a0<a href=\"https:\/\/roma-bella.com\/wp-content\/uploads\/2016\/12\/146.jpg\"><img loading=\"lazy\" decoding=\"async\" class=\"alignnone size-medium wp-image-865\" src=\"https:\/\/roma-bella.com\/wp-content\/uploads\/2016\/12\/146-300x225.jpg\" alt=\"146\" width=\"300\" height=\"225\" srcset=\"https:\/\/roma-bella.com\/wp-content\/uploads\/2016\/12\/146-300x225.jpg 300w, https:\/\/roma-bella.com\/wp-content\/uploads\/2016\/12\/146-768x576.jpg 768w, https:\/\/roma-bella.com\/wp-content\/uploads\/2016\/12\/146-1024x768.jpg 1024w, https:\/\/roma-bella.com\/wp-content\/uploads\/2016\/12\/146-510x382.jpg 510w, https:\/\/roma-bella.com\/wp-content\/uploads\/2016\/12\/146-1080x810.jpg 1080w\" sizes=\"(max-width: 300px) 100vw, 300px\" \/><\/a><\/p>\n<p>son algunos de los ejemplos m\u00e1s elocuentes de di\u00e1logo con ese recurso hist\u00f3rico tangible.<\/p>\n<p>En el pr\u00f3ximo capitulo hablar\u00e9mos de las otras plazas de Roma, de su origen y de su visi\u00f3n actual.<\/p>\n","protected":false},"excerpt":{"rendered":"<p>LOS CIMIENTOS\u00a0 HISTORICOS\u00a0 DE LAS PLAZAS EN ROMA Las plazas en Roma se crean al interior de una ciudad que hab\u00eda sido una metr\u00f3poli del Mediterr\u00e1neo: un centro de dominio de tipo Imperial con una\u00a0\u00a0 riqueza urbana en t\u00e9rminos de espacios construidos que acog\u00edan la propia\u00a0 cultura.\u00a0 Esa cultura conten\u00eda en su interior una manera [&hellip;]<\/p>\n","protected":false},"author":3,"featured_media":808,"comment_status":"open","ping_status":"open","sticky":false,"template":"","format":"standard","meta":{"om_disable_all_campaigns":false,"_monsterinsights_skip_tracking":false,"_monsterinsights_sitenote_active":false,"_monsterinsights_sitenote_note":"","_monsterinsights_sitenote_category":0,"footnotes":""},"categories":[36,27],"tags":[],"class_list":["post-857","post","type-post","status-publish","format-standard","has-post-thumbnail","hentry","category-las-plazas-de-la-roma-barroca","category-rome-tours"],"aioseo_notices":[],"_links":{"self":[{"href":"https:\/\/roma-bella.com\/es\/wp-json\/wp\/v2\/posts\/857","targetHints":{"allow":["GET"]}}],"collection":[{"href":"https:\/\/roma-bella.com\/es\/wp-json\/wp\/v2\/posts"}],"about":[{"href":"https:\/\/roma-bella.com\/es\/wp-json\/wp\/v2\/types\/post"}],"author":[{"embeddable":true,"href":"https:\/\/roma-bella.com\/es\/wp-json\/wp\/v2\/users\/3"}],"replies":[{"embeddable":true,"href":"https:\/\/roma-bella.com\/es\/wp-json\/wp\/v2\/comments?post=857"}],"version-history":[{"count":1,"href":"https:\/\/roma-bella.com\/es\/wp-json\/wp\/v2\/posts\/857\/revisions"}],"predecessor-version":[{"id":867,"href":"https:\/\/roma-bella.com\/es\/wp-json\/wp\/v2\/posts\/857\/revisions\/867"}],"wp:featuredmedia":[{"embeddable":true,"href":"https:\/\/roma-bella.com\/es\/wp-json\/wp\/v2\/media\/808"}],"wp:attachment":[{"href":"https:\/\/roma-bella.com\/es\/wp-json\/wp\/v2\/media?parent=857"}],"wp:term":[{"taxonomy":"category","embeddable":true,"href":"https:\/\/roma-bella.com\/es\/wp-json\/wp\/v2\/categories?post=857"},{"taxonomy":"post_tag","embeddable":true,"href":"https:\/\/roma-bella.com\/es\/wp-json\/wp\/v2\/tags?post=857"}],"curies":[{"name":"wp","href":"https:\/\/api.w.org\/{rel}","templated":true}]}}