{"id":1093,"date":"2017-12-22T07:52:38","date_gmt":"2017-12-22T07:52:38","guid":{"rendered":"https:\/\/roma-bella.com\/es\/?p=1093"},"modified":"2019-12-11T21:26:58","modified_gmt":"2019-12-11T21:26:58","slug":"mensaje-de-navidad-de-papa-francisco","status":"publish","type":"post","link":"https:\/\/roma-bella.com\/es\/mensaje-de-navidad-de-papa-francisco\/","title":{"rendered":"MENSAJE DE NAVIDAD DE PAPA FRANCISCO"},"content":{"rendered":"<p lang=\"es-ES\">En el Angelus de este Domingo de Diciembre y a pocos d\u00edas de la Navidad el <a href=\"https:\/\/roma-bella.com\/tours\/vatican-city\/\">Santo Padre<\/a> dio a conocer su lectura de la teolog\u00eda de la liberaci\u00f3n: la misi\u00f3n de los cristianos como liberadores de la esclavitud.<\/p>\n<p lang=\"es-ES\">Despu\u00e9s de haber encontrado a los ni\u00f1os y durante dicha bendici\u00f3n record\u00f3 las palabras de Isaias que Jes\u00fas se hizo hombre \u201cpara traer el feliz anuncio a los pobres, para vendar las heridas de los corazones quebrados, para proclamar la libertad de los esclavos, la liberaci\u00f3n de los prisioneros, y promulgar el a\u00f1o de gracia del Se\u00f1or\u201d. \u201cestas palabras que Jesus har\u00e1 suyas en el discurso de la Sinagoga de Nazaret, aclaran \u2013 dijo el <a href=\"https:\/\/roma-bella.com\/tours\/vatican-city\/\">Papa Francisco\u00a0<\/a>&#8211; que su misi\u00f3n en el mundo consiste en la liberaci\u00f3n del pecado y de la esclavitud personal y social que ello produce. \u00c9l vino a la tierra para dar a lod hombres la dignidad y la libertad de los hijos de Dios, que s\u00f3lo El puede comunicar.\u201d Francisco dijo estas palabras precisamente el el \u201c Domingo de la Alegr\u00eda\u201d en la cual la liturgia nos invita a a tomar el esp\u00edritu generador de \u00e9sta, la alegr\u00eda\u201d. Debemos, subray\u00f3, \u201cmantenernos siempre en la alegr\u00eda, a\u00fan cuando las cosas no van seg\u00fan nuestros deseos\u00b7. \u201cLa angustia, las dificultades y el sufrimiento- de hecho- atraviesan por la vida de cada uno y aveces la realidad que nos circunda parece ser hosca y \u00e1rida, como el desierto en el cual se sent\u00eda la voz de Juan Bautista, como recuerda el evangelio de hoy. Pero son las palabras del Bautista que revelan que nuestra alegr\u00eda se apoya sobre la certidumbre que este desierto est\u00e1 habitado: \u201cen medio de ustedes est\u00e1 uno que ustedes no conocen: se trata de Jes\u00fas, el enviado del Padre que viene. \u201c La alegr\u00eda, que caracteriza la llegad del Mes\u00edas\u201d<\/p>\n<p lang=\"es-ES\">El<a href=\"https:\/\/roma-bella.com\/tours\/vatican-city\/\"> Santo Padre<\/a> concluye este mensaje diciendo: \u201calegr\u00eda, oraci\u00f3n, agradecimiento, son tres actitudes que nos preparan a vivir la Navidad en manera aut\u00e9ntica\u201d<\/p>\n","protected":false},"excerpt":{"rendered":"<p>En el Angelus de este Domingo de Diciembre y a pocos d\u00edas de la Navidad el Santo Padre dio a conocer su lectura de la teolog\u00eda de la liberaci\u00f3n: la misi\u00f3n de los cristianos como liberadores de la esclavitud. Despu\u00e9s de haber encontrado a los ni\u00f1os y durante dicha bendici\u00f3n record\u00f3 las palabras de Isaias [&hellip;]<\/p>\n","protected":false},"author":3,"featured_media":1484,"comment_status":"open","ping_status":"open","sticky":false,"template":"","format":"standard","meta":{"om_disable_all_campaigns":false,"_monsterinsights_skip_tracking":false,"_monsterinsights_sitenote_active":false,"_monsterinsights_sitenote_note":"","_monsterinsights_sitenote_category":0,"footnotes":""},"categories":[46,45],"tags":[],"class_list":["post-1093","post","type-post","status-publish","format-standard","has-post-thumbnail","hentry","category-vatican-tours","category-vaticano"],"aioseo_notices":[],"_links":{"self":[{"href":"https:\/\/roma-bella.com\/es\/wp-json\/wp\/v2\/posts\/1093","targetHints":{"allow":["GET"]}}],"collection":[{"href":"https:\/\/roma-bella.com\/es\/wp-json\/wp\/v2\/posts"}],"about":[{"href":"https:\/\/roma-bella.com\/es\/wp-json\/wp\/v2\/types\/post"}],"author":[{"embeddable":true,"href":"https:\/\/roma-bella.com\/es\/wp-json\/wp\/v2\/users\/3"}],"replies":[{"embeddable":true,"href":"https:\/\/roma-bella.com\/es\/wp-json\/wp\/v2\/comments?post=1093"}],"version-history":[{"count":1,"href":"https:\/\/roma-bella.com\/es\/wp-json\/wp\/v2\/posts\/1093\/revisions"}],"predecessor-version":[{"id":1094,"href":"https:\/\/roma-bella.com\/es\/wp-json\/wp\/v2\/posts\/1093\/revisions\/1094"}],"wp:featuredmedia":[{"embeddable":true,"href":"https:\/\/roma-bella.com\/es\/wp-json\/wp\/v2\/media\/1484"}],"wp:attachment":[{"href":"https:\/\/roma-bella.com\/es\/wp-json\/wp\/v2\/media?parent=1093"}],"wp:term":[{"taxonomy":"category","embeddable":true,"href":"https:\/\/roma-bella.com\/es\/wp-json\/wp\/v2\/categories?post=1093"},{"taxonomy":"post_tag","embeddable":true,"href":"https:\/\/roma-bella.com\/es\/wp-json\/wp\/v2\/tags?post=1093"}],"curies":[{"name":"wp","href":"https:\/\/api.w.org\/{rel}","templated":true}]}}